{"id":1309,"date":"2018-03-05T12:34:41","date_gmt":"2018-03-05T11:34:41","guid":{"rendered":"http:\/\/kordevries.net\/?p=1309"},"modified":"2019-03-18T12:52:39","modified_gmt":"2019-03-18T11:52:39","slug":"de-eerste-steen-van-carsten-jensen-is-verschenen","status":"publish","type":"post","link":"https:\/\/kordevries.net\/?p=1309","title":{"rendered":"Grootse (anti-)oorlogsroman De eerste steen van Carsten Jensen verschenen&#8230;"},"content":{"rendered":"<p>Sinds vorige week ligt hij in de boekhandel: de roman <em>De eerste steen<\/em> van de Deense schrijver Carsten Jensen (in Nederland verscheen in mijn vertaling al eerder van zijn hand de door de Deense lezers als &#8216;beste Deense roman van de afgelopen 25 jaar&#8217; gekozen\u00a0<a href=\"http:\/\/kordevries.net\/?attachment_id=307\"><em>Wij, de verdronkenen<\/em><\/a>). De roman is een duo-vertaling van Lammie Post-Oostenbrink en ondergetekende en is uitgekomen bij <a href=\"https:\/\/www.debezigebij.nl\/boeken\/de-eerste-steen\/\">De Bezige Bij<\/a>.<\/p>\n<p><em>De eerste steen vertelt het verhaal van <\/em>een groep Deense soldaten die in een militair kamp in Afghanistan aankomt. Vierentwintig mannen en \u00e9\u00e9n vrouw, onder leiding van de charismatische commandant Rasmus Schr\u00f8der. Ze zijn zeer gemotiveerd, uitstekend opgeleid en klaar voor het avontuur. Maar de dagen kruipen monotoon voorbij, tot een landmijn twee soldaten doodt en een steeds ongenadiger spiraal van geweld in gang wordt gezet. Wanneer Schr\u00f8der de groep verraadt, verliezen de soldaten elke vorm van controle. De eerste steen is niet alleen een buitengewoon spannende pageturner, maar ook een grootse anti-oorlogsroman van een uitgesproken tegenstander van westerse militaire bemoeienis in Afghanistan.<\/p>\n<p>Een eerste (mooie) recensie over <em>De eerste steen<\/em> verscheen op 23 maart op Hebban: <a href=\"https:\/\/www.hebban.nl\/recensies\/greet-braem-over-de-eerste-steen\">https:\/\/www.hebban.nl\/recensies\/greet-braem-over-de-eerste-steen<\/a><\/p>\n<p>Op 4 april een bespreking op de Vlaamse literatuursite MappaLibri:\u00a0<a href=\"http:\/\/mappalibri.be\/?navigatieid=61&amp;via_navigatieid=17&amp;recensieid=7136\">http:\/\/mappalibri.be\/?navigatieid=61&amp;via_navigatieid=17&amp;recensieid=7136<\/a><\/p>\n","protected":false},"excerpt":{"rendered":"<p>Sinds vorige week ligt hij in de boekhandel: de roman De eerste steen van de Deense schrijver Carsten Jensen (in Nederland verscheen in mijn vertaling al eerder van zijn hand de door de Deense lezers als &#8216;beste Deense roman van de afgelopen 25 jaar&#8217; gekozen\u00a0Wij, de verdronkenen). De roman is een duo-vertaling van Lammie Post-Oostenbrink [&hellip;]<\/p>\n","protected":false},"author":1,"featured_media":1319,"comment_status":"closed","ping_status":"closed","sticky":false,"template":"","format":"standard","meta":{"footnotes":""},"categories":[20,10],"tags":[17],"_links":{"self":[{"href":"https:\/\/kordevries.net\/index.php?rest_route=\/wp\/v2\/posts\/1309"}],"collection":[{"href":"https:\/\/kordevries.net\/index.php?rest_route=\/wp\/v2\/posts"}],"about":[{"href":"https:\/\/kordevries.net\/index.php?rest_route=\/wp\/v2\/types\/post"}],"author":[{"embeddable":true,"href":"https:\/\/kordevries.net\/index.php?rest_route=\/wp\/v2\/users\/1"}],"replies":[{"embeddable":true,"href":"https:\/\/kordevries.net\/index.php?rest_route=%2Fwp%2Fv2%2Fcomments&post=1309"}],"version-history":[{"count":9,"href":"https:\/\/kordevries.net\/index.php?rest_route=\/wp\/v2\/posts\/1309\/revisions"}],"predecessor-version":[{"id":1353,"href":"https:\/\/kordevries.net\/index.php?rest_route=\/wp\/v2\/posts\/1309\/revisions\/1353"}],"wp:featuredmedia":[{"embeddable":true,"href":"https:\/\/kordevries.net\/index.php?rest_route=\/wp\/v2\/media\/1319"}],"wp:attachment":[{"href":"https:\/\/kordevries.net\/index.php?rest_route=%2Fwp%2Fv2%2Fmedia&parent=1309"}],"wp:term":[{"taxonomy":"category","embeddable":true,"href":"https:\/\/kordevries.net\/index.php?rest_route=%2Fwp%2Fv2%2Fcategories&post=1309"},{"taxonomy":"post_tag","embeddable":true,"href":"https:\/\/kordevries.net\/index.php?rest_route=%2Fwp%2Fv2%2Ftags&post=1309"}],"curies":[{"name":"wp","href":"https:\/\/api.w.org\/{rel}","templated":true}]}}